{"id":35,"date":"2021-11-08T12:00:00","date_gmt":"2021-11-08T11:00:00","guid":{"rendered":"http:\/\/uddhum.bluepin.org\/?p=35"},"modified":"2021-11-08T12:33:38","modified_gmt":"2021-11-08T11:33:38","slug":"verksamhet-och-stadgar","status":"publish","type":"post","link":"https:\/\/www.uddhum.se\/index.php\/2021\/11\/08\/verksamhet-och-stadgar\/","title":{"rendered":"Stadgar"},"content":{"rendered":"<ol>\n<li><span style=\"color: black; font-family: Verdana; font-size: 10pt;\"><span style=\"color: black; font-family: Verdana; font-size: 10pt;\"><strong>Namn, \u00e4ndam\u00e5l och s\u00e4te<br \/>\n<\/strong><\/span><\/span><span style=\"color: black; font-family: Verdana; font-size: 10pt;\"><span style=\"color: black; font-family: Verdana; font-size: 10pt;\">F\u00f6rbundets namn \u00e4r Uddevalla Humanistiska F\u00f6rbund.<br \/>\n<\/span><\/span><span style=\"color: black; font-family: Verdana; font-size: 10pt;\"><span style=\"color: black; font-family: Verdana; font-size: 10pt;\">Uddevalla Humanistiska F\u00f6rbund \u00e4r en frist\u00e5ende ideell, partipolitiskt och religi\u00f6s obunden f\u00f6rening, F\u00f6rbundets \u00e4ndam\u00e5l \u00e4r att utveckla och fr\u00e4mja humanistisk bildning genom f\u00f6redrag, diskussioner, studiebes\u00f6k med mera. Begreppet humanism skall ges en vid tolkning.<br \/>\nStyrelsen har sitt s\u00e4te i Uddevalla kommun, V\u00e4stra G\u00f6talands l\u00e4n.<br \/>\n<\/span><\/span><\/li>\n<li><span style=\"color: #1a1a1a; font-family: Verdana; font-size: 10pt;\"><span style=\"color: #1a1a1a; font-family: Verdana; font-size: 10pt;\"><strong>F\u00f6rbundstillh\u00f6righet<\/strong><br \/>\nF\u00f6rbundet \u00e4r medlem av Svenska Humanistiska F\u00f6rbundet.<\/span><\/span><\/li>\n<li><span style=\"color: #1a1a1a; font-family: Verdana; font-size: 10pt;\"><span style=\"color: #1a1a1a; font-family: Verdana; font-size: 10pt;\"><strong>Medlemskap<br \/>\n<\/strong><\/span><\/span><span style=\"color: #1a1a1a; font-family: Verdana; font-size: 10pt;\"><span style=\"color: #1a1a1a; font-family: Verdana; font-size: 10pt;\">F\u00f6rbundet \u00e4r \u00f6ppet f\u00f6r alla, med villkoren att stadgarna godtas och att medlemsavgiften betalas.<\/span><\/span><\/li>\n<li><span style=\"color: #1a1a1a; font-family: Verdana; font-size: 10pt;\"><span style=\"color: #1a1a1a; font-family: Verdana; font-size: 10pt;\"><strong>Verksamhet<\/strong><br \/>\nF\u00f6rbundet b\u00f6r \u00e5rligen genomf\u00f6ra minst fem verksamhetsaktiviteter f\u00f6retr\u00e4desvis under m\u00e5naderna januari - juni och september \u2013 december.<br \/>\n<strong>\u00c5RSM\u00d6TE<\/strong><br \/>\n<\/span><\/span><\/li>\n<li><span style=\"color: #1a1a1a; font-family: Verdana; font-size: 10pt;\"><span style=\"color: #1a1a1a; font-family: Verdana; font-size: 10pt;\"><strong>\u00c5rsm\u00f6te<\/strong><br \/>\n\u00c5rsm\u00f6te skall h\u00e5llas \u00e5rligen f\u00f6re mars m\u00e5nads utg\u00e5ng.<\/span><\/span><\/li>\n<li><span style=\"color: #1a1a1a; font-family: Verdana; font-size: 10pt;\"><span style=\"color: #1a1a1a; font-family: Verdana; font-size: 10pt;\"><strong>Motioner<\/strong><br \/>\nMedlem som \u00f6nskar f\u00e5 ett \u00e4rende behandlat vid \u00e5rsm\u00f6tet skall skriftligt anm\u00e4la detta f\u00f6re januari m\u00e5nads utg\u00e5ng eller inom den senare tidpunkt styrelsen beslutat.<\/span><\/span><\/li>\n<li><span style=\"color: #1a1a1a; font-family: Verdana; font-size: 10pt;\"><span style=\"color: #1a1a1a; font-family: Verdana; font-size: 10pt;\"><strong>Extra m\u00f6te<\/strong><br \/>\nMedlem som \u00f6nskar f\u00e5 ett \u00e4rende behandlat vid \u00e5rsm\u00f6tet skall skriftligt anm\u00e4la detta f\u00f6re januari m\u00e5nads utg\u00e5ng eller inom den senare tidpunkt styrelsen beslutat.<\/span><\/span><\/li>\n<li><span style=\"color: #1a1a1a; font-family: Verdana; font-size: 10pt;\"><span style=\"color: #1a1a1a; font-family: Verdana; font-size: 10pt;\"><strong>Dagordning<\/strong><br \/>\nP\u00e5 \u00e5rsm\u00f6tet skall f\u00f6rekomma:<br \/>\n1 M\u00f6tets \u00f6ppnande<br \/>\n2 Val av m\u00f6tesordf\u00f6rande<br \/>\n3 Anm\u00e4lan av m\u00f6tesordf\u00f6randens val av protokollf\u00f6rare<br \/>\n4 Godk\u00e4nnande av dagordningen<br \/>\n5 Fr\u00e5ga om m\u00f6tet blivit stadgeenligt utlyst<br \/>\n6 Val av tv\u00e5 justerare tillika r\u00f6str\u00e4knare<br \/>\n7 F\u00f6redragning av styrelsens verksamhetsber\u00e4ttelse<br \/>\n8 F\u00f6redragning av styrelsens ekonomiska rapportering<br \/>\n9 F\u00f6redragning av revisorns ber\u00e4ttelse<br \/>\n10 Fr\u00e5ga om ansvarsfrihet f\u00f6r styrelseledam\u00f6terna<br \/>\n11 Fastst\u00e4llande av budget och verksamhetsplan<br \/>\n12 Fastst\u00e4llande av den \u00e5rliga medlemsavgiften<br \/>\n13 Val av ordf\u00f6rande och styrelseledam\u00f6ter<br \/>\n14 Val av en revisor och en revisorssuppleant<br \/>\n15 Val av valberedning<br \/>\n16 Framst\u00e4llningar fr\u00e5n styrelsen eller motioner fr\u00e5n medlemmarna<br \/>\n17 M\u00f6tets avslutande<br \/>\nVid extra m\u00f6te skall ut\u00f6ver punkt 1-6 och 17 f\u00f6rekomma de \u00e4renden f\u00f6r vilken m\u00f6tet blivit utlyst.<br \/>\n<\/span><\/span><\/li>\n<li><span style=\"color: #1a1a1a; font-family: Verdana; font-size: 10pt;\"><span style=\"color: #1a1a1a; font-family: Verdana; font-size: 10pt;\"><strong>Kallelse<\/strong><br \/>\nKallelse till \u00e5rsm\u00f6te skall inneh\u00e5lla uppgift om vilka \u00e4renden som skall behandlas p\u00e5 m\u00f6tet. Beslut f\u00e5r inte fattas i andra \u00e4renden \u00e4n de som angivits i kallelsen.<br \/>\nKallelse skall ske senast tv\u00e5 veckor f\u00f6re \u00e5rsm\u00f6tet och tv\u00e5 veckor f\u00f6re extra m\u00f6te. Kallelse publiceras p\u00e5 F\u00f6rbundets hemsida och genom mejl.<br \/>\n<\/span><\/span><\/li>\n<li><span style=\"color: #1a1a1a; font-family: Verdana; font-size: 10pt;\"><span style=\"color: #1a1a1a; font-family: Verdana; font-size: 10pt;\"><strong>R\u00f6str\u00e4tt<\/strong><br \/>\nVid \u00e5rsm\u00f6tet har varje medlem en r\u00f6st. R\u00f6str\u00e4tt har endast den medlem som har erlagt sina ekonomiska f\u00f6rpliktelser f\u00f6r innevarande \u00e5r.<\/span><\/span><\/li>\n<li><span style=\"color: #1a1a1a; font-family: Verdana; font-size: 10pt;\"><strong>Valberedning<\/strong><br \/>\nVid \u00e5rsm\u00f6tet f\u00e5r valberedning utses f\u00f6r tiden fram till och med \u00e5rsm\u00f6te. Valberedningens uppgift \u00e4r att l\u00e4mna f\u00f6rslag till samtliga personval.<\/span><\/li>\n<li><span style=\"color: #1a1a1a; font-family: Verdana; font-size: 10pt;\"><span style=\"color: #1a1a1a; font-family: Verdana; font-size: 10pt;\"><strong>R\u00e4kenskaps\u00e5r<\/strong><br \/>\nF\u00f6rbundets r\u00e4kenskaps\u00e5r \u00e4r kalender\u00e5r<br \/>\nSTYRELSE OCH REVISION<\/span><\/span><\/li>\n<li><span style=\"color: #1a1a1a; font-family: Verdana; font-size: 10pt;\"><span style=\"color: #1a1a1a; font-family: Verdana; font-size: 10pt;\"><strong>Styrelsens sammans\u00e4ttning<\/strong><br \/>\nStyrelsen best\u00e5r av minst fem och h\u00f6gst nio ledam\u00f6ter.<br \/>\nStyrelseledam\u00f6ter v\u00e4ljs av \u00e5rsm\u00f6tet f\u00f6r h\u00f6gst ett \u00e5r.<br \/>\n<\/span><\/span><\/li>\n<li><span style=\"color: #1a1a1a; font-family: Verdana; font-size: 10pt;\"><span style=\"color: #1a1a1a; font-family: Verdana; font-size: 10pt;\"><strong>Konstituering<\/strong><br \/>\nStyrelsen utser inom sig vice ordf\u00f6rande, sekreterare och kass\u00f6r.<br \/>\n<\/span><\/span><\/li>\n<li><span style=\"color: #1a1a1a; font-family: Verdana; font-size: 10pt;\"><span style=\"color: #1a1a1a; font-family: Verdana; font-size: 10pt;\"><strong>Firmateckning<\/strong><br \/>\nStyrelsen utser, inom sig, firmatecknare.<\/span><\/span><\/li>\n<li><span style=\"color: #1a1a1a; font-family: Verdana; font-size: 10pt;\"><span style=\"color: #1a1a1a; font-family: Verdana; font-size: 10pt;\"><strong>Styrelsens \u00e5liggande<br \/>\n<\/strong>Styrelsen f\u00f6retr\u00e4der f\u00f6rbundet och bevakar dess intressen. Styrelsen beslutar \u00e5 f\u00f6rbundets v\u00e4gnar s\u00e5vida inte annat f\u00f6reskrivs i dessa stadgar. Styrelsen skall verkst\u00e4lla av \u00e5rsm\u00f6tet fattade beslut, handha f\u00f6rbundets ekonomiska angel\u00e4genheter och f\u00f6ra r\u00e4kenskaper, samt avge ekonomisk redovisning till \u00e5rsm\u00f6tet f\u00f6r det senaste r\u00e4kenskaps\u00e5ret.<br \/>\n<\/span><\/span><\/li>\n<li><span style=\"color: #1a1a1a; font-family: Verdana; font-size: 10pt;\"><span style=\"color: #1a1a1a; font-family: Verdana; font-size: 10pt;\"><strong>Styrelsens protokoll<br \/>\n<\/strong>Vid styrelsens sammantr\u00e4den skall protokoll f\u00f6ras som justeras av ordf\u00f6randen. Protokollen skall f\u00f6rvaras p\u00e5 betryggande s\u00e4tt och f\u00f6ras i nummerf\u00f6ljd.<br \/>\n<\/span><\/span><\/li>\n<li><span style=\"color: #1a1a1a; font-family: Verdana; font-size: 10pt;\"><span style=\"color: #1a1a1a; font-family: Verdana; font-size: 10pt;\"><strong>Beslutsf\u00f6rhet och r\u00f6stning<br \/>\n<\/strong>Styrelsen \u00e4r beslutf\u00f6r n\u00e4r antalet n\u00e4rvarande ledam\u00f6ter vid sammantr\u00e4det \u00f6verstiger h\u00e4lften av samtliga ledam\u00f6ter. Som styrelsens beslut g\u00e4ller den mening f\u00f6r vilken mer \u00e4n h\u00e4lften av de n\u00e4rvarande r\u00f6stat eller vid lika r\u00f6stetal den mening som ordf\u00f6randen bitr\u00e4der. F\u00f6r giltigt beslut kr\u00e4vs enh\u00e4llighet n\u00e4r f\u00f6r beslutsf\u00f6rhet minsta antalet ledam\u00f6ter \u00e4r n\u00e4rvarande.<br \/>\n<\/span><\/span><\/li>\n<li><span style=\"color: #1a1a1a; font-family: Verdana; font-size: 10pt;\"><span style=\"color: #1a1a1a; font-family: Verdana; font-size: 10pt;\"><strong>Revisor<\/strong><br \/>\n\u00c5rsm\u00f6tet skall v\u00e4lja tv\u00e5 revisorer och en suppleant. Revisorer och revisorssuppleant v\u00e4ljs f\u00f6r tiden fr\u00e5n \u00e5rsm\u00f6tet fram till och med n\u00e4sta \u00e5rsm\u00f6te.<br \/>\n<\/span><\/span><\/li>\n<li><span style=\"color: #1a1a1a; font-family: Verdana; font-size: 10pt;\"><span style=\"color: #1a1a1a; font-family: Verdana; font-size: 10pt;\"><strong>Avgivande av revisionsber\u00e4ttelse<br \/>\n<\/strong>Revisorn skall avge revisionsber\u00e4ttelse till styrelsen senast tre veckor f\u00f6re \u00e5rsm\u00f6tet.<br \/>\n<strong>\u00d6VRIGT<\/strong><br \/>\n<\/span><\/span><\/li>\n<li><span style=\"color: #1a1a1a; font-family: Verdana; font-size: 10pt;\"><span style=\"color: #1a1a1a; font-family: Verdana; font-size: 10pt;\"><strong>Stadge\u00e4ndring<br \/>\n<\/strong>Beslut om \u00e4ndring av stadgarna fattas p\u00e5 ett \u00e5rsm\u00f6te. Beslutet \u00e4r giltigt om tv\u00e5 tredjedelar av de r\u00f6stande har g\u00e5tt med p\u00e5 beslutet.<\/span><\/span><\/li>\n<li><span style=\"color: #1a1a1a; font-family: Verdana; font-size: 10pt;\"><span style=\"color: #1a1a1a; font-family: Verdana; font-size: 10pt;\"><span style=\"color: #1a1a1a; font-family: Verdana; font-size: 10pt;\"><span style=\"color: #1a1a1a; font-family: Verdana; font-size: 10pt;\"><strong>Uppl\u00f6sning av f\u00f6rbundet<br \/>\n<\/strong>Beslut om uppl\u00f6sning skall fattas p\u00e5 ett \u00e5rsm\u00f6te om tv\u00e5 tredjedelar av de r\u00f6stber\u00e4ttigande \u00e4r ense om det.<br \/>\nOm f\u00f6rbundet uppl\u00f6ses skall samtliga tillg\u00e5ngar tillfalla Svenska Humanistiska F\u00f6rbundet.<\/p>\n<p>Stadgarna har antagits p\u00e5 \u00e5rsm\u00f6tet 2021.<\/span><\/span><\/span><\/span><\/li>\n<\/ol>\n","protected":false},"excerpt":{"rendered":"<p>Namn, \u00e4ndam\u00e5l och s\u00e4te F\u00f6rbundets namn \u00e4r Uddevalla Humanistiska F\u00f6rbund. Uddevalla Humanistiska F\u00f6rbund \u00e4r en frist\u00e5ende ideell, partipolitiskt och religi\u00f6s obunden f\u00f6rening, F\u00f6rbundets \u00e4ndam\u00e5l \u00e4r att utveckla och fr\u00e4mja humanistisk bildning genom f\u00f6redrag, diskussioner, studiebes\u00f6k med mera. Begreppet humanism skall ges en vid tolkning. Styrelsen har sitt s\u00e4te i Uddevalla kommun, V\u00e4stra G\u00f6talands l\u00e4n. F\u00f6rbundstillh\u00f6righet [&hellip;]<\/p>\n","protected":false},"author":3,"featured_media":0,"comment_status":"closed","ping_status":"closed","sticky":false,"template":"","format":"standard","meta":[],"categories":[10],"tags":[],"_links":{"self":[{"href":"https:\/\/www.uddhum.se\/index.php\/wp-json\/wp\/v2\/posts\/35"}],"collection":[{"href":"https:\/\/www.uddhum.se\/index.php\/wp-json\/wp\/v2\/posts"}],"about":[{"href":"https:\/\/www.uddhum.se\/index.php\/wp-json\/wp\/v2\/types\/post"}],"author":[{"embeddable":true,"href":"https:\/\/www.uddhum.se\/index.php\/wp-json\/wp\/v2\/users\/3"}],"replies":[{"embeddable":true,"href":"https:\/\/www.uddhum.se\/index.php\/wp-json\/wp\/v2\/comments?post=35"}],"version-history":[{"count":16,"href":"https:\/\/www.uddhum.se\/index.php\/wp-json\/wp\/v2\/posts\/35\/revisions"}],"predecessor-version":[{"id":403,"href":"https:\/\/www.uddhum.se\/index.php\/wp-json\/wp\/v2\/posts\/35\/revisions\/403"}],"wp:attachment":[{"href":"https:\/\/www.uddhum.se\/index.php\/wp-json\/wp\/v2\/media?parent=35"}],"wp:term":[{"taxonomy":"category","embeddable":true,"href":"https:\/\/www.uddhum.se\/index.php\/wp-json\/wp\/v2\/categories?post=35"},{"taxonomy":"post_tag","embeddable":true,"href":"https:\/\/www.uddhum.se\/index.php\/wp-json\/wp\/v2\/tags?post=35"}],"curies":[{"name":"wp","href":"https:\/\/api.w.org\/{rel}","templated":true}]}}